{"id":1569,"date":"2020-01-27T19:52:59","date_gmt":"2020-01-27T19:52:59","guid":{"rendered":"http:\/\/acadur.es\/noticias\/?p=1569"},"modified":"2020-01-27T19:52:59","modified_gmt":"2020-01-27T19:52:59","slug":"200127_pgo_telde","status":"publish","type":"post","link":"https:\/\/acadur.es\/noticias\/200127_pgo_telde\/","title":{"rendered":"Aprobaci\u00f3n inicial de revisi\u00f3n parcial del PGO de Telde. La Pardilla"},"content":{"rendered":"<p>BOP-LP de 27 de enero de 2020<\/p>\n<p>Ayuntamiento de Telde<\/p>\n<p><a href=\"http:\/\/www.boplaspalmas.net\/nbop2\/sumario.php?codigop=1&#038;fecha_mas_reciente=2020-01-27\">Anuncio 472<\/a>. Aprobaci\u00f3n inicial de la revisi\u00f3n parcial del Plan General de Ordenaci\u00f3n de Telde, Sector Susno-1.3b La Pardilla<\/p>\n<p>Plazo de informaci\u00f3n p\u00fablica: 45 d\u00edas h\u00e1biles<\/p>\n","protected":false},"excerpt":{"rendered":"<p>BOP-LP de 27 de enero de 2020 Ayuntamiento de Telde Anuncio 472. Aprobaci\u00f3n inicial de la revisi\u00f3n parcial del Plan General de Ordenaci\u00f3n de Telde, Sector Susno-1.3b La Pardilla Plazo de informaci\u00f3n p\u00fablica: 45 d\u00edas h\u00e1biles<\/p>\n","protected":false},"author":1,"featured_media":0,"comment_status":"closed","ping_status":"closed","sticky":false,"template":"","format":"standard","meta":{"footnotes":""},"categories":[3],"tags":[4,8],"class_list":["post-1569","post","type-post","status-publish","format-standard","hentry","category-planeamiento-urbanistico","tag-gran-canaria","tag-telde"],"_links":{"self":[{"href":"https:\/\/acadur.es\/noticias\/wp-json\/wp\/v2\/posts\/1569","targetHints":{"allow":["GET"]}}],"collection":[{"href":"https:\/\/acadur.es\/noticias\/wp-json\/wp\/v2\/posts"}],"about":[{"href":"https:\/\/acadur.es\/noticias\/wp-json\/wp\/v2\/types\/post"}],"author":[{"embeddable":true,"href":"https:\/\/acadur.es\/noticias\/wp-json\/wp\/v2\/users\/1"}],"replies":[{"embeddable":true,"href":"https:\/\/acadur.es\/noticias\/wp-json\/wp\/v2\/comments?post=1569"}],"version-history":[{"count":1,"href":"https:\/\/acadur.es\/noticias\/wp-json\/wp\/v2\/posts\/1569\/revisions"}],"predecessor-version":[{"id":1570,"href":"https:\/\/acadur.es\/noticias\/wp-json\/wp\/v2\/posts\/1569\/revisions\/1570"}],"wp:attachment":[{"href":"https:\/\/acadur.es\/noticias\/wp-json\/wp\/v2\/media?parent=1569"}],"wp:term":[{"taxonomy":"category","embeddable":true,"href":"https:\/\/acadur.es\/noticias\/wp-json\/wp\/v2\/categories?post=1569"},{"taxonomy":"post_tag","embeddable":true,"href":"https:\/\/acadur.es\/noticias\/wp-json\/wp\/v2\/tags?post=1569"}],"curies":[{"name":"wp","href":"https:\/\/api.w.org\/{rel}","templated":true}]}}