{"id":2464,"date":"2021-08-20T17:28:14","date_gmt":"2021-08-20T17:28:14","guid":{"rendered":"https:\/\/acadur.es\/noticias\/?p=2464"},"modified":"2021-08-20T17:28:14","modified_gmt":"2021-08-20T17:28:14","slug":"210820_pgo_laorotava","status":"publish","type":"post","link":"https:\/\/acadur.es\/noticias\/210820_pgo_laorotava\/","title":{"rendered":"Incoaci\u00f3n de expediente de modificaci\u00f3n menor del PGO de La Orotava. Cat\u00e1logo de protecci\u00f3n"},"content":{"rendered":"<p>BOC de 19 de agosto de 2021<\/p>\n<p>Ayuntamiento de La Orotava<\/p>\n<p><a href=\"http:\/\/www.gobiernodecanarias.org\/boc\/2021\/170\/010.html\">Anuncio de 6 de agosto de 2021<\/a>, relativo a la incoaci\u00f3n del expediente de Modificaci\u00f3n Menor del Plan General de Ordenaci\u00f3n en la vivienda sita en la Avenida Emilio Luque Moreno, n\u00ba 17 y a la suspensi\u00f3n de licencias.<\/p>\n","protected":false},"excerpt":{"rendered":"<p>BOC de 19 de agosto de 2021 Ayuntamiento de La Orotava Anuncio de 6 de agosto de 2021, relativo a la incoaci\u00f3n del expediente de Modificaci\u00f3n Menor del Plan General de Ordenaci\u00f3n en la vivienda sita en la Avenida Emilio Luque Moreno, n\u00ba 17 y a la suspensi\u00f3n de licencias.<\/p>\n","protected":false},"author":1,"featured_media":0,"comment_status":"closed","ping_status":"closed","sticky":false,"template":"","format":"standard","meta":{"footnotes":""},"categories":[3],"tags":[107,10],"class_list":["post-2464","post","type-post","status-publish","format-standard","hentry","category-planeamiento-urbanistico","tag-la-orotava","tag-tenerife"],"_links":{"self":[{"href":"https:\/\/acadur.es\/noticias\/wp-json\/wp\/v2\/posts\/2464","targetHints":{"allow":["GET"]}}],"collection":[{"href":"https:\/\/acadur.es\/noticias\/wp-json\/wp\/v2\/posts"}],"about":[{"href":"https:\/\/acadur.es\/noticias\/wp-json\/wp\/v2\/types\/post"}],"author":[{"embeddable":true,"href":"https:\/\/acadur.es\/noticias\/wp-json\/wp\/v2\/users\/1"}],"replies":[{"embeddable":true,"href":"https:\/\/acadur.es\/noticias\/wp-json\/wp\/v2\/comments?post=2464"}],"version-history":[{"count":1,"href":"https:\/\/acadur.es\/noticias\/wp-json\/wp\/v2\/posts\/2464\/revisions"}],"predecessor-version":[{"id":2465,"href":"https:\/\/acadur.es\/noticias\/wp-json\/wp\/v2\/posts\/2464\/revisions\/2465"}],"wp:attachment":[{"href":"https:\/\/acadur.es\/noticias\/wp-json\/wp\/v2\/media?parent=2464"}],"wp:term":[{"taxonomy":"category","embeddable":true,"href":"https:\/\/acadur.es\/noticias\/wp-json\/wp\/v2\/categories?post=2464"},{"taxonomy":"post_tag","embeddable":true,"href":"https:\/\/acadur.es\/noticias\/wp-json\/wp\/v2\/tags?post=2464"}],"curies":[{"name":"wp","href":"https:\/\/api.w.org\/{rel}","templated":true}]}}