{"id":2510,"date":"2021-10-04T20:00:46","date_gmt":"2021-10-04T20:00:46","guid":{"rendered":"https:\/\/acadur.es\/noticias\/?p=2510"},"modified":"2021-10-04T20:00:46","modified_gmt":"2021-10-04T20:00:46","slug":"211004_prug_teide","status":"publish","type":"post","link":"https:\/\/acadur.es\/noticias\/211004_prug_teide\/","title":{"rendered":"Ampliaci\u00f3n del plazo de evaluaci\u00f3n ambiental estrat\u00e9tigica de revisi\u00f3n del PRUG del Parque Nacional del Teide"},"content":{"rendered":"<p>BOC de 4 de octubre de 2021<\/p>\n<p>Consejer\u00eda de Transici\u00f3n Ecol\u00f3gica, Lucha contra el Cambio Clim\u00e1tico y Planificaci\u00f3n Territorial<\/p>\n<p><a href=\"http:\/\/www.gobiernodecanarias.org\/boc\/2021\/203\/011.html\">Anuncio 4.282<\/a> por el que se hace p\u00fablica la Resoluci\u00f3n de 23 de septiembre de 2021, relativa a la ampliaci\u00f3n del plazo de consulta e informaci\u00f3n p\u00fablica del documento ambiental estrat\u00e9gico y el borrador del plan, en el procedimiento de evaluaci\u00f3n ambiental estrat\u00e9gica simplificada de la Revisi\u00f3n del Plan Rector de Uso y Gesti\u00f3n del Parque Nacional del Teide (Tenerife).<\/p>\n<p>Plazo de informaci\u00f3n p\u00fablica: 10 d\u00edas h\u00e1biles m\u00e1s<\/p>\n<p><strong>Noticias relacionadas:<\/strong><\/p>\n<p>20\/08\/21 <a href=\"\/noticias\/210820_prug_pnteide\/\">Inicio de evaluaci\u00f3n ambiental simplificada de la Revisi\u00f3n del PRUG del Parque Nacional del Teide<\/a><\/p>\n","protected":false},"excerpt":{"rendered":"<p>BOC de 4 de octubre de 2021 Consejer\u00eda de Transici\u00f3n Ecol\u00f3gica, Lucha contra el Cambio Clim\u00e1tico y Planificaci\u00f3n Territorial Anuncio 4.282 por el que se hace p\u00fablica la Resoluci\u00f3n de 23 de septiembre de 2021, relativa a la ampliaci\u00f3n del plazo de consulta e informaci\u00f3n p\u00fablica del documento ambiental estrat\u00e9gico y el borrador del plan, en el procedimiento de evaluaci\u00f3n [&hellip;]<\/p>\n","protected":false},"author":1,"featured_media":0,"comment_status":"closed","ping_status":"closed","sticky":false,"template":"","format":"standard","meta":{"footnotes":""},"categories":[6],"tags":[158,10],"class_list":["post-2510","post","type-post","status-publish","format-standard","hentry","category-planeamiento-territorial","tag-gobierno-de-canarias","tag-tenerife"],"_links":{"self":[{"href":"https:\/\/acadur.es\/noticias\/wp-json\/wp\/v2\/posts\/2510","targetHints":{"allow":["GET"]}}],"collection":[{"href":"https:\/\/acadur.es\/noticias\/wp-json\/wp\/v2\/posts"}],"about":[{"href":"https:\/\/acadur.es\/noticias\/wp-json\/wp\/v2\/types\/post"}],"author":[{"embeddable":true,"href":"https:\/\/acadur.es\/noticias\/wp-json\/wp\/v2\/users\/1"}],"replies":[{"embeddable":true,"href":"https:\/\/acadur.es\/noticias\/wp-json\/wp\/v2\/comments?post=2510"}],"version-history":[{"count":1,"href":"https:\/\/acadur.es\/noticias\/wp-json\/wp\/v2\/posts\/2510\/revisions"}],"predecessor-version":[{"id":2511,"href":"https:\/\/acadur.es\/noticias\/wp-json\/wp\/v2\/posts\/2510\/revisions\/2511"}],"wp:attachment":[{"href":"https:\/\/acadur.es\/noticias\/wp-json\/wp\/v2\/media?parent=2510"}],"wp:term":[{"taxonomy":"category","embeddable":true,"href":"https:\/\/acadur.es\/noticias\/wp-json\/wp\/v2\/categories?post=2510"},{"taxonomy":"post_tag","embeddable":true,"href":"https:\/\/acadur.es\/noticias\/wp-json\/wp\/v2\/tags?post=2510"}],"curies":[{"name":"wp","href":"https:\/\/api.w.org\/{rel}","templated":true}]}}