{"id":2545,"date":"2021-11-05T20:51:34","date_gmt":"2021-11-05T20:51:34","guid":{"rendered":"https:\/\/acadur.es\/noticias\/?p=2545"},"modified":"2021-11-11T19:43:33","modified_gmt":"2021-11-11T19:43:33","slug":"211105_pgo_laspalmasgc","status":"publish","type":"post","link":"https:\/\/acadur.es\/noticias\/211105_pgo_laspalmasgc\/","title":{"rendered":"Aprobaci\u00f3n definitiva y normativa de modificaci\u00f3n menor del PGO de Las Palmas de Gran Canaria. AD-16 Plaza Am\u00e9rica-Cayetana Manrique"},"content":{"rendered":"<p>BOP-LP de 5 de noviembre de 2021<\/p>\n<p>Ayuntamiento de Las Palmas de Gran Canaria<\/p>\n<p><a href=\"http:\/\/www.boplaspalmas.net\/nbop2\/sumario.php?codigopub=1&#038;fecha_mas_reciente=2021-11-05\">Anuncio 8.045<\/a>. Aprobaci\u00f3n definitiva de la modificaci\u00f3n menor del P. G. O. en el \u00c1mbito de la AD-16 \u201cPlaza Am\u00e9rica-Cayetana Manrique (Mesa y L\u00f3pez)\u201d, promovida por este Ayuntamiento a instancia de la Entidad Mercantil \u201cResidencial Las Am\u00e9ricas, S.L.\u201d<\/p>\n<p><strong>Noticias relacionadas:<\/strong><\/p>\n<p>21\/08\/20 <a href=\"\/noticias\/200821_pgo_laspalmasgc\/\">Aprobaci\u00f3n inicial de modificaci\u00f3n menor del PGO de Las Palmas de Gran Canaria. AD-16 Plaza Am\u00e9rica-Cayetana Manrique<\/a><\/p>\n<p><strong>Actualizaci\u00f3n 11\/11\/21:<\/strong><\/p>\n<p>Publicaci\u00f3n del anuncio en el <a href=\"http:\/\/www.gobiernodecanarias.org\/boc\/2021\/232\/016.html\">BOC de 11 de noviembre de 2021<\/a><\/p>\n","protected":false},"excerpt":{"rendered":"<p>BOP-LP de 5 de noviembre de 2021 Ayuntamiento de Las Palmas de Gran Canaria Anuncio 8.045. Aprobaci\u00f3n definitiva de la modificaci\u00f3n menor del P. G. O. en el \u00c1mbito de la AD-16 \u201cPlaza Am\u00e9rica-Cayetana Manrique (Mesa y L\u00f3pez)\u201d, promovida por este Ayuntamiento a instancia de la Entidad Mercantil \u201cResidencial Las Am\u00e9ricas, S.L.\u201d Noticias relacionadas: 21\/08\/20 Aprobaci\u00f3n inicial de modificaci\u00f3n menor [&hellip;]<\/p>\n","protected":false},"author":1,"featured_media":0,"comment_status":"closed","ping_status":"closed","sticky":false,"template":"","format":"standard","meta":{"footnotes":"","_members_access_role":[],"_members_access_error":""},"categories":[3],"tags":[4,7],"class_list":["post-2545","post","type-post","status-publish","format-standard","hentry","category-planeamiento-urbanistico","tag-gran-canaria","tag-las-palmas-de-gran-canaria"],"_links":{"self":[{"href":"https:\/\/acadur.es\/noticias\/wp-json\/wp\/v2\/posts\/2545","targetHints":{"allow":["GET"]}}],"collection":[{"href":"https:\/\/acadur.es\/noticias\/wp-json\/wp\/v2\/posts"}],"about":[{"href":"https:\/\/acadur.es\/noticias\/wp-json\/wp\/v2\/types\/post"}],"author":[{"embeddable":true,"href":"https:\/\/acadur.es\/noticias\/wp-json\/wp\/v2\/users\/1"}],"replies":[{"embeddable":true,"href":"https:\/\/acadur.es\/noticias\/wp-json\/wp\/v2\/comments?post=2545"}],"version-history":[{"count":2,"href":"https:\/\/acadur.es\/noticias\/wp-json\/wp\/v2\/posts\/2545\/revisions"}],"predecessor-version":[{"id":2550,"href":"https:\/\/acadur.es\/noticias\/wp-json\/wp\/v2\/posts\/2545\/revisions\/2550"}],"wp:attachment":[{"href":"https:\/\/acadur.es\/noticias\/wp-json\/wp\/v2\/media?parent=2545"}],"wp:term":[{"taxonomy":"category","embeddable":true,"href":"https:\/\/acadur.es\/noticias\/wp-json\/wp\/v2\/categories?post=2545"},{"taxonomy":"post_tag","embeddable":true,"href":"https:\/\/acadur.es\/noticias\/wp-json\/wp\/v2\/tags?post=2545"}],"curies":[{"name":"wp","href":"https:\/\/api.w.org\/{rel}","templated":true}]}}