{"id":2966,"date":"2022-06-29T19:16:53","date_gmt":"2022-06-29T19:16:53","guid":{"rendered":"https:\/\/acadur.es\/noticias\/?p=2966"},"modified":"2022-07-05T18:15:29","modified_gmt":"2022-07-05T18:15:29","slug":"220629_pgo_galdar","status":"publish","type":"post","link":"https:\/\/acadur.es\/noticias\/220629_pgo_galdar\/","title":{"rendered":"Aprobaci\u00f3n definitiva y normativa de modificaci\u00f3n menor del PGO de G\u00e1ldar. Regulaci\u00f3n del uso comercial"},"content":{"rendered":"<p>BOP-LP de 29 de junio de 2022<\/p>\n<p>Ayuntamiento de G\u00e1ldar<\/p>\n<p><a href=\"http:\/\/www.boplaspalmas.net\/nbop2\/sumario.php?codigopub=1&#038;fecha_mas_reciente=2022-06-29\">Anuncio 1.718<\/a>. Aprobaci\u00f3n definitiva de la modificaci\u00f3n menor del P.G.O: Armonizaci\u00f3n de la regulaci\u00f3n del uso comercial al Decreto Legislativo 1\/2012 de 22 de abril<\/p>\n<p><strong>Noticias relacionadas:<\/strong><\/p>\n<p>28\/04\/21 <a href=\"\/noticias\/210428_pgo_galdar\/\">Aprobaci\u00f3n inicial de modificaci\u00f3n menor del PGO de G\u00e1ldar. Regulaci\u00f3n del uso comercial<\/a><\/p>\n<p><strong>Actualizaci\u00f3n 05\/07\/22:<\/strong><\/p>\n<p>Publicaci\u00f3n del anuncio en el <a href=\"http:\/\/www.gobiernodecanarias.org\/boc\/2022\/132\/013.html\">BOC de 5 de julio de 2022<\/a><\/p>\n","protected":false},"excerpt":{"rendered":"<p>BOP-LP de 29 de junio de 2022 Ayuntamiento de G\u00e1ldar Anuncio 1.718. Aprobaci\u00f3n definitiva de la modificaci\u00f3n menor del P.G.O: Armonizaci\u00f3n de la regulaci\u00f3n del uso comercial al Decreto Legislativo 1\/2012 de 22 de abril Noticias relacionadas: 28\/04\/21 Aprobaci\u00f3n inicial de modificaci\u00f3n menor del PGO de G\u00e1ldar. Regulaci\u00f3n del uso comercial Actualizaci\u00f3n 05\/07\/22: Publicaci\u00f3n del anuncio en el BOC de [&hellip;]<\/p>\n","protected":false},"author":1,"featured_media":0,"comment_status":"closed","ping_status":"closed","sticky":false,"template":"","format":"standard","meta":{"footnotes":""},"categories":[3],"tags":[5,4],"class_list":["post-2966","post","type-post","status-publish","format-standard","hentry","category-planeamiento-urbanistico","tag-galdar","tag-gran-canaria"],"_links":{"self":[{"href":"https:\/\/acadur.es\/noticias\/wp-json\/wp\/v2\/posts\/2966","targetHints":{"allow":["GET"]}}],"collection":[{"href":"https:\/\/acadur.es\/noticias\/wp-json\/wp\/v2\/posts"}],"about":[{"href":"https:\/\/acadur.es\/noticias\/wp-json\/wp\/v2\/types\/post"}],"author":[{"embeddable":true,"href":"https:\/\/acadur.es\/noticias\/wp-json\/wp\/v2\/users\/1"}],"replies":[{"embeddable":true,"href":"https:\/\/acadur.es\/noticias\/wp-json\/wp\/v2\/comments?post=2966"}],"version-history":[{"count":2,"href":"https:\/\/acadur.es\/noticias\/wp-json\/wp\/v2\/posts\/2966\/revisions"}],"predecessor-version":[{"id":2972,"href":"https:\/\/acadur.es\/noticias\/wp-json\/wp\/v2\/posts\/2966\/revisions\/2972"}],"wp:attachment":[{"href":"https:\/\/acadur.es\/noticias\/wp-json\/wp\/v2\/media?parent=2966"}],"wp:term":[{"taxonomy":"category","embeddable":true,"href":"https:\/\/acadur.es\/noticias\/wp-json\/wp\/v2\/categories?post=2966"},{"taxonomy":"post_tag","embeddable":true,"href":"https:\/\/acadur.es\/noticias\/wp-json\/wp\/v2\/tags?post=2966"}],"curies":[{"name":"wp","href":"https:\/\/api.w.org\/{rel}","templated":true}]}}