{"id":3004,"date":"2022-08-01T19:03:42","date_gmt":"2022-08-01T19:03:42","guid":{"rendered":"https:\/\/acadur.es\/noticias\/?p=3004"},"modified":"2022-08-01T19:04:31","modified_gmt":"2022-08-01T19:04:31","slug":"220801_prug_teide","status":"publish","type":"post","link":"https:\/\/acadur.es\/noticias\/220801_prug_teide\/","title":{"rendered":"Nuevo tr\u00e1mite de informaci\u00f3n de la aprobaci\u00f3n provisional del PRUG del Parque Nacional del Teide"},"content":{"rendered":"<p>BOC de 1 de agosto de 2022<\/p>\n<p>Consejer\u00eda de Transici\u00f3n Ecol\u00f3gica, Lucha contra el Cambio Clim\u00e1tico y Planificaci\u00f3n Territorial<\/p>\n<p><a href=\"http:\/\/www.gobiernodecanarias.org\/boc\/2022\/151\/019.html\">Anuncio por el que se hace p\u00fablica la Resoluci\u00f3n de 21 de julio de 2022<\/a>, que acuerda realizar nuevo tr\u00e1mite de informaci\u00f3n p\u00fablica relativo a la aprobaci\u00f3n provisional del Plan Rector de Uso y Gesti\u00f3n del Parque Nacional del Teide.<\/p>\n<p>Plazo de informaci\u00f3n p\u00fablica: 30 d\u00edas h\u00e1biles<\/p>\n<p><strong>Noticias relacionadas:<\/strong><\/p>\n<p>23\/05\/22 <a href=\"\/noticias\/220523_prug_teide\/\">Aprobaci\u00f3n provisional del PRUG del Parque Nacional del Teide<\/a><\/p>\n","protected":false},"excerpt":{"rendered":"<p>BOC de 1 de agosto de 2022 Consejer\u00eda de Transici\u00f3n Ecol\u00f3gica, Lucha contra el Cambio Clim\u00e1tico y Planificaci\u00f3n Territorial Anuncio por el que se hace p\u00fablica la Resoluci\u00f3n de 21 de julio de 2022, que acuerda realizar nuevo tr\u00e1mite de informaci\u00f3n p\u00fablica relativo a la aprobaci\u00f3n provisional del Plan Rector de Uso y Gesti\u00f3n del Parque Nacional del Teide. Plazo [&hellip;]<\/p>\n","protected":false},"author":1,"featured_media":0,"comment_status":"closed","ping_status":"closed","sticky":false,"template":"","format":"standard","meta":{"footnotes":""},"categories":[6],"tags":[158,10],"class_list":["post-3004","post","type-post","status-publish","format-standard","hentry","category-planeamiento-territorial","tag-gobierno-de-canarias","tag-tenerife"],"_links":{"self":[{"href":"https:\/\/acadur.es\/noticias\/wp-json\/wp\/v2\/posts\/3004","targetHints":{"allow":["GET"]}}],"collection":[{"href":"https:\/\/acadur.es\/noticias\/wp-json\/wp\/v2\/posts"}],"about":[{"href":"https:\/\/acadur.es\/noticias\/wp-json\/wp\/v2\/types\/post"}],"author":[{"embeddable":true,"href":"https:\/\/acadur.es\/noticias\/wp-json\/wp\/v2\/users\/1"}],"replies":[{"embeddable":true,"href":"https:\/\/acadur.es\/noticias\/wp-json\/wp\/v2\/comments?post=3004"}],"version-history":[{"count":1,"href":"https:\/\/acadur.es\/noticias\/wp-json\/wp\/v2\/posts\/3004\/revisions"}],"predecessor-version":[{"id":3005,"href":"https:\/\/acadur.es\/noticias\/wp-json\/wp\/v2\/posts\/3004\/revisions\/3005"}],"wp:attachment":[{"href":"https:\/\/acadur.es\/noticias\/wp-json\/wp\/v2\/media?parent=3004"}],"wp:term":[{"taxonomy":"category","embeddable":true,"href":"https:\/\/acadur.es\/noticias\/wp-json\/wp\/v2\/categories?post=3004"},{"taxonomy":"post_tag","embeddable":true,"href":"https:\/\/acadur.es\/noticias\/wp-json\/wp\/v2\/tags?post=3004"}],"curies":[{"name":"wp","href":"https:\/\/api.w.org\/{rel}","templated":true}]}}