{"id":3006,"date":"2022-08-03T19:07:03","date_gmt":"2022-08-03T19:07:03","guid":{"rendered":"https:\/\/acadur.es\/noticias\/?p=3006"},"modified":"2022-08-03T19:07:39","modified_gmt":"2022-08-03T19:07:39","slug":"220803_transicion_energetica","status":"publish","type":"post","link":"https:\/\/acadur.es\/noticias\/220803_transicion_energetica\/","title":{"rendered":"Desestimiento de evaluaci\u00f3n ambiental estrat\u00e9gica del Plan de Transici\u00f3n Energ\u00e9tica de Canarias 2030"},"content":{"rendered":"<p>BOC de 2 de agosto de 2022<\/p>\n<p>Consejer\u00eda de Transici\u00f3n Ecol\u00f3gica, Lucha contra el Cambio Clim\u00e1tico y Planificaci\u00f3n Territorial<\/p>\n<p><a href=\"http:\/\/www.gobiernodecanarias.org\/boc\/2022\/152\/014.html\">Anuncio por el que se hace p\u00fablica la Resoluci\u00f3n de 21 de julio de 2022<\/a>, que desiste del inicio del procedimiento de evaluaci\u00f3n ambiental estrat\u00e9gica del Plan de Transici\u00f3n Energ\u00e9tica de Canarias 2030.- Expte.\u00a02022\/23563.<\/p>\n<p><strong>Noticias relacionadas:<\/strong><\/p>\n<p>20\/07\/22 <a href=\"\/noticias\/220720_transicion_energetica\/\">Inicio de evaluaci\u00f3n ambiental estrat\u00e9gica del Plan de Transici\u00f3n Energ\u00e9tica de Canarias 2030<\/a><\/p>\n","protected":false},"excerpt":{"rendered":"<p>BOC de 2 de agosto de 2022 Consejer\u00eda de Transici\u00f3n Ecol\u00f3gica, Lucha contra el Cambio Clim\u00e1tico y Planificaci\u00f3n Territorial Anuncio por el que se hace p\u00fablica la Resoluci\u00f3n de 21 de julio de 2022, que desiste del inicio del procedimiento de evaluaci\u00f3n ambiental estrat\u00e9gica del Plan de Transici\u00f3n Energ\u00e9tica de Canarias 2030.- Expte.\u00a02022\/23563. Noticias relacionadas: 20\/07\/22 Inicio de evaluaci\u00f3n ambiental [&hellip;]<\/p>\n","protected":false},"author":1,"featured_media":0,"comment_status":"closed","ping_status":"closed","sticky":false,"template":"","format":"standard","meta":{"footnotes":""},"categories":[1],"tags":[174,158,175],"class_list":["post-3006","post","type-post","status-publish","format-standard","hentry","category-sin-categoria","tag-cambio-climatico","tag-gobierno-de-canarias","tag-transicion-energetica"],"_links":{"self":[{"href":"https:\/\/acadur.es\/noticias\/wp-json\/wp\/v2\/posts\/3006","targetHints":{"allow":["GET"]}}],"collection":[{"href":"https:\/\/acadur.es\/noticias\/wp-json\/wp\/v2\/posts"}],"about":[{"href":"https:\/\/acadur.es\/noticias\/wp-json\/wp\/v2\/types\/post"}],"author":[{"embeddable":true,"href":"https:\/\/acadur.es\/noticias\/wp-json\/wp\/v2\/users\/1"}],"replies":[{"embeddable":true,"href":"https:\/\/acadur.es\/noticias\/wp-json\/wp\/v2\/comments?post=3006"}],"version-history":[{"count":1,"href":"https:\/\/acadur.es\/noticias\/wp-json\/wp\/v2\/posts\/3006\/revisions"}],"predecessor-version":[{"id":3007,"href":"https:\/\/acadur.es\/noticias\/wp-json\/wp\/v2\/posts\/3006\/revisions\/3007"}],"wp:attachment":[{"href":"https:\/\/acadur.es\/noticias\/wp-json\/wp\/v2\/media?parent=3006"}],"wp:term":[{"taxonomy":"category","embeddable":true,"href":"https:\/\/acadur.es\/noticias\/wp-json\/wp\/v2\/categories?post=3006"},{"taxonomy":"post_tag","embeddable":true,"href":"https:\/\/acadur.es\/noticias\/wp-json\/wp\/v2\/tags?post=3006"}],"curies":[{"name":"wp","href":"https:\/\/api.w.org\/{rel}","templated":true}]}}