{"id":3259,"date":"2023-01-25T19:51:10","date_gmt":"2023-01-25T19:51:10","guid":{"rendered":"https:\/\/acadur.es\/noticias\/?p=3259"},"modified":"2023-01-25T19:51:10","modified_gmt":"2023-01-25T19:51:10","slug":"230125_pgo_arrecife","status":"publish","type":"post","link":"https:\/\/acadur.es\/noticias\/230125_pgo_arrecife\/","title":{"rendered":"Informe ambiental estrat\u00e9gico de modificaci\u00f3n menor del PGO de Arrecife. Delimitaci\u00f3n entre SUCO y SUSNO en Capellan\u00eda"},"content":{"rendered":"<p>BOC de 25 de enero de 2023<\/p>\n<p>Consejer\u00eda de Transici\u00f3n Ecol\u00f3gica, Lucha contra el Cambio Clim\u00e1tico y Planificaci\u00f3n Territorial<\/p>\n<p><a href=\"http:\/\/www.gobiernodecanarias.org\/boc\/2023\/017\/011.html\">Resoluci\u00f3n de 9 de enero de 2023<\/a>, por la que se hace p\u00fablico el Acuerdo de la Comisi\u00f3n Auton\u00f3mica de Evaluaci\u00f3n Ambiental de 30 de diciembre de 2022, que formula el Informe Ambiental Estrat\u00e9gico de la Modificaci\u00f3n Menor del Plan General de Arrecife en relaci\u00f3n a la redefinici\u00f3n de la delimitaci\u00f3n entre un suelo urbano consolidado (SUCO) y el suelo urbanizable sectorizado no ordenado (SUSNO, Sector 3 Capellan\u00eda), con la realidad f\u00edsica de la actual calle Jos\u00e9 Hern\u00e1ndez Almeida.<\/p>\n<p><strong>Noticias relacionadas:<\/strong><\/p>\n<p>11\/07\/22 <a href=\"\/noticias\/220711_pgo_arrecife\/\">Informaci\u00f3n de evaluaci\u00f3n ambiental estrat\u00e9gica de modificaci\u00f3n menor del pgo de Arrecife. Delimitaci\u00f3n entre SUCO y SUSNO<\/a><\/p>\n","protected":false},"excerpt":{"rendered":"<p>BOC de 25 de enero de 2023 Consejer\u00eda de Transici\u00f3n Ecol\u00f3gica, Lucha contra el Cambio Clim\u00e1tico y Planificaci\u00f3n Territorial Resoluci\u00f3n de 9 de enero de 2023, por la que se hace p\u00fablico el Acuerdo de la Comisi\u00f3n Auton\u00f3mica de Evaluaci\u00f3n Ambiental de 30 de diciembre de 2022, que formula el Informe Ambiental Estrat\u00e9gico de la Modificaci\u00f3n Menor del Plan General [&hellip;]<\/p>\n","protected":false},"author":1,"featured_media":0,"comment_status":"closed","ping_status":"closed","sticky":false,"template":"","format":"standard","meta":{"footnotes":""},"categories":[3],"tags":[123,59],"class_list":["post-3259","post","type-post","status-publish","format-standard","hentry","category-planeamiento-urbanistico","tag-arrecife","tag-lanzarote"],"_links":{"self":[{"href":"https:\/\/acadur.es\/noticias\/wp-json\/wp\/v2\/posts\/3259","targetHints":{"allow":["GET"]}}],"collection":[{"href":"https:\/\/acadur.es\/noticias\/wp-json\/wp\/v2\/posts"}],"about":[{"href":"https:\/\/acadur.es\/noticias\/wp-json\/wp\/v2\/types\/post"}],"author":[{"embeddable":true,"href":"https:\/\/acadur.es\/noticias\/wp-json\/wp\/v2\/users\/1"}],"replies":[{"embeddable":true,"href":"https:\/\/acadur.es\/noticias\/wp-json\/wp\/v2\/comments?post=3259"}],"version-history":[{"count":1,"href":"https:\/\/acadur.es\/noticias\/wp-json\/wp\/v2\/posts\/3259\/revisions"}],"predecessor-version":[{"id":3260,"href":"https:\/\/acadur.es\/noticias\/wp-json\/wp\/v2\/posts\/3259\/revisions\/3260"}],"wp:attachment":[{"href":"https:\/\/acadur.es\/noticias\/wp-json\/wp\/v2\/media?parent=3259"}],"wp:term":[{"taxonomy":"category","embeddable":true,"href":"https:\/\/acadur.es\/noticias\/wp-json\/wp\/v2\/categories?post=3259"},{"taxonomy":"post_tag","embeddable":true,"href":"https:\/\/acadur.es\/noticias\/wp-json\/wp\/v2\/tags?post=3259"}],"curies":[{"name":"wp","href":"https:\/\/api.w.org\/{rel}","templated":true}]}}