{"id":3270,"date":"2023-02-07T17:53:59","date_gmt":"2023-02-07T17:53:59","guid":{"rendered":"https:\/\/acadur.es\/noticias\/?p=3270"},"modified":"2023-02-07T17:53:59","modified_gmt":"2023-02-07T17:53:59","slug":"230207_pepch_orotava","status":"publish","type":"post","link":"https:\/\/acadur.es\/noticias\/230207_pepch_orotava\/","title":{"rendered":"Informe de evaluaci\u00f3n ambiental estrat\u00e9gica de modificaci\u00f3n menor del PE de Protecci\u00f3n del Conjunto Hist\u00f3rico de La Orotava. Auditorio"},"content":{"rendered":"<p>BOC de 7 de febrero de 2023<\/p>\n<p>Consejer\u00eda de Transici\u00f3n Ecol\u00f3gica, Lucha contra el Cambio Clim\u00e1tico y Planificaci\u00f3n Territorial<\/p>\n<p><a href=\"http:\/\/www.gobiernodecanarias.org\/boc\/2023\/026\/008.html\">Resoluci\u00f3n de 25 de enero de 2023<\/a>, por la que se hace p\u00fablico el Acuerdo de la Comisi\u00f3n Auton\u00f3mica de Evaluaci\u00f3n Ambiental de 24 de enero de 2023, que formula el Informe Ambiental Estrat\u00e9gico de la Modificaci\u00f3n Menor del Plan Especial de Protecci\u00f3n del Conjunto Hist\u00f3rico de La Villa de La Orotava para la parcela con referencia catastral 014107CS5411S (Auditorio Teobaldo Power).<\/p>\n<p><strong>Noticias relacionadas:<\/strong><\/p>\n<p>31\/05\/22 <a href=\"\/noticias\/220531_pepch_orotava\/\">Inicio de evaluaci\u00f3n ambiental estrat\u00e9gica de modificaci\u00f3n menor del PE de Protecci\u00f3n del Conjunto Hist\u00f3rico de La Orotava. Auditorio<\/a><\/p>\n","protected":false},"excerpt":{"rendered":"<p>BOC de 7 de febrero de 2023 Consejer\u00eda de Transici\u00f3n Ecol\u00f3gica, Lucha contra el Cambio Clim\u00e1tico y Planificaci\u00f3n Territorial Resoluci\u00f3n de 25 de enero de 2023, por la que se hace p\u00fablico el Acuerdo de la Comisi\u00f3n Auton\u00f3mica de Evaluaci\u00f3n Ambiental de 24 de enero de 2023, que formula el Informe Ambiental Estrat\u00e9gico de la Modificaci\u00f3n Menor del Plan Especial [&hellip;]<\/p>\n","protected":false},"author":1,"featured_media":0,"comment_status":"closed","ping_status":"closed","sticky":false,"template":"","format":"standard","meta":{"footnotes":""},"categories":[3],"tags":[107,10],"class_list":["post-3270","post","type-post","status-publish","format-standard","hentry","category-planeamiento-urbanistico","tag-la-orotava","tag-tenerife"],"_links":{"self":[{"href":"https:\/\/acadur.es\/noticias\/wp-json\/wp\/v2\/posts\/3270","targetHints":{"allow":["GET"]}}],"collection":[{"href":"https:\/\/acadur.es\/noticias\/wp-json\/wp\/v2\/posts"}],"about":[{"href":"https:\/\/acadur.es\/noticias\/wp-json\/wp\/v2\/types\/post"}],"author":[{"embeddable":true,"href":"https:\/\/acadur.es\/noticias\/wp-json\/wp\/v2\/users\/1"}],"replies":[{"embeddable":true,"href":"https:\/\/acadur.es\/noticias\/wp-json\/wp\/v2\/comments?post=3270"}],"version-history":[{"count":1,"href":"https:\/\/acadur.es\/noticias\/wp-json\/wp\/v2\/posts\/3270\/revisions"}],"predecessor-version":[{"id":3271,"href":"https:\/\/acadur.es\/noticias\/wp-json\/wp\/v2\/posts\/3270\/revisions\/3271"}],"wp:attachment":[{"href":"https:\/\/acadur.es\/noticias\/wp-json\/wp\/v2\/media?parent=3270"}],"wp:term":[{"taxonomy":"category","embeddable":true,"href":"https:\/\/acadur.es\/noticias\/wp-json\/wp\/v2\/categories?post=3270"},{"taxonomy":"post_tag","embeddable":true,"href":"https:\/\/acadur.es\/noticias\/wp-json\/wp\/v2\/tags?post=3270"}],"curies":[{"name":"wp","href":"https:\/\/api.w.org\/{rel}","templated":true}]}}