{"id":3662,"date":"2023-10-19T16:05:42","date_gmt":"2023-10-19T16:05:42","guid":{"rendered":"https:\/\/acadur.es\/noticias\/?p=3662"},"modified":"2023-10-19T16:05:42","modified_gmt":"2023-10-19T16:05:42","slug":"231019_biblioteca_laspalmas","status":"publish","type":"post","link":"https:\/\/acadur.es\/noticias\/231019_biblioteca_laspalmas\/","title":{"rendered":"Auto del TSJC sobre posible cuesti\u00f3n de inconstitucionalidad en la expropiaci\u00f3n del derecho de los vecinos en el caso de la Biblioteca de Las Palmas"},"content":{"rendered":"<p><strong>\u00d3rgano:<\/strong><\/p>\n<p>Tribunal Superior de Justicia de Canarias. Sala de lo Contencioso-Administrativo<\/p>\n<p><strong>Referencia:<\/strong><\/p>\n<p>Auto de 21 de julio de 2023<\/p>\n<p><strong>Resumen:<\/strong><\/p>\n<p>Auto de la Secci\u00f3n Segunda de la Sala de lo Contencioso-Administrativo del Tribunal Superior de Justicia de Canarias (sede Las Palmas), de 21 de julio de 2023, por el que se acuerda plantear cuesti\u00f3n al Tribunal Constitucional sobre la inconstitucionalidad de la Disposici\u00f3n Adicional 69\u00aa de la Ley 48\/2015, de 29 de octubre, de Presupuestos Generales del Estado para el a\u00f1o 2016, por posible vulneraci\u00f3n de los art\u00edculos de la Constituci\u00f3n espa\u00f1ola de 1978, con base en los motivos expresados en los fundamentos del Auto, en relaci\u00f3n al procedimiento de ejecuci\u00f3n de sentencia n\u00ba 814\/1998 (02).(Biblioteca P\u00fablica del Estado en Las Palmas de Gran Canaria).<\/p>\n<p><strong>Enlaces:<\/strong><\/p>\n<p><a class=\"www\" href=\"https:\/\/www.poderjudicial.es\/search\/AN\/openDocument\/f89f109fdb6a3faba0a8778d75e36f0d\/20230822\">Auto de 21.07.2023. Poder Judicial<\/a><\/p>\n","protected":false},"excerpt":{"rendered":"<p>\u00d3rgano: Tribunal Superior de Justicia de Canarias. Sala de lo Contencioso-Administrativo Referencia: Auto de 21 de julio de 2023 Resumen: Auto de la Secci\u00f3n Segunda de la Sala de lo Contencioso-Administrativo del Tribunal Superior de Justicia de Canarias (sede Las Palmas), de 21 de julio de 2023, por el que se acuerda plantear cuesti\u00f3n al Tribunal Constitucional sobre la inconstitucionalidad [&hellip;]<\/p>\n","protected":false},"author":1,"featured_media":0,"comment_status":"closed","ping_status":"closed","sticky":false,"template":"","format":"standard","meta":{"footnotes":""},"categories":[23],"tags":[152],"class_list":["post-3662","post","type-post","status-publish","format-standard","hentry","category-jurisprudencia","tag-expropiacion-forzosa"],"_links":{"self":[{"href":"https:\/\/acadur.es\/noticias\/wp-json\/wp\/v2\/posts\/3662","targetHints":{"allow":["GET"]}}],"collection":[{"href":"https:\/\/acadur.es\/noticias\/wp-json\/wp\/v2\/posts"}],"about":[{"href":"https:\/\/acadur.es\/noticias\/wp-json\/wp\/v2\/types\/post"}],"author":[{"embeddable":true,"href":"https:\/\/acadur.es\/noticias\/wp-json\/wp\/v2\/users\/1"}],"replies":[{"embeddable":true,"href":"https:\/\/acadur.es\/noticias\/wp-json\/wp\/v2\/comments?post=3662"}],"version-history":[{"count":1,"href":"https:\/\/acadur.es\/noticias\/wp-json\/wp\/v2\/posts\/3662\/revisions"}],"predecessor-version":[{"id":3663,"href":"https:\/\/acadur.es\/noticias\/wp-json\/wp\/v2\/posts\/3662\/revisions\/3663"}],"wp:attachment":[{"href":"https:\/\/acadur.es\/noticias\/wp-json\/wp\/v2\/media?parent=3662"}],"wp:term":[{"taxonomy":"category","embeddable":true,"href":"https:\/\/acadur.es\/noticias\/wp-json\/wp\/v2\/categories?post=3662"},{"taxonomy":"post_tag","embeddable":true,"href":"https:\/\/acadur.es\/noticias\/wp-json\/wp\/v2\/tags?post=3662"}],"curies":[{"name":"wp","href":"https:\/\/api.w.org\/{rel}","templated":true}]}}