{"id":3752,"date":"2023-12-11T10:33:43","date_gmt":"2023-12-11T10:33:43","guid":{"rendered":"https:\/\/acadur.es\/noticias\/?p=3752"},"modified":"2023-12-11T10:33:43","modified_gmt":"2023-12-11T10:33:43","slug":"231211_pgo_mogan","status":"publish","type":"post","link":"https:\/\/acadur.es\/noticias\/231211_pgo_mogan\/","title":{"rendered":"Inicio de evaluaci\u00f3n ambiental estrat\u00e9gica de modificaci\u00f3n menor de las NNSS de Mog\u00e1n. Loma de Pino Seco, Pol. 18"},"content":{"rendered":"<p>BOP-LP de 8 de diciembre de 2023<\/p>\n<p>Ayuntamiento de Mog\u00e1n<\/p>\n<p><a href=\"http:\/\/www.boplaspalmas.net\/nbop2\/sumario.php?codigopub=1&#038;fecha_mas_reciente=2023-12-08\">Anuncio 4.490<\/a>. Aprobaci\u00f3n definitiva de forma total la modificaci\u00f3n menor de las normas subsidiarias, Pol\u00edgono 18 S.A.U., Loma de Pino Seco de Arguinegu\u00edn y correspondiente Evaluaci\u00f3n Ambiental Estrat\u00e9gica Simplificada<\/p>\n<p><strong>Noticias relacionadas:<\/strong><\/p>\n<p>14\/08\/20 <a href=\"\/noticias\/200814_nnss_mogan_1\/\">Inicio de evaluaci\u00f3n ambiental estrat\u00e9gica de modificaci\u00f3n menor de las NNSS de Mog\u00e1n. Loma de Pino Seco, Pol. 18<\/a><\/p>\n","protected":false},"excerpt":{"rendered":"<p>BOP-LP de 8 de diciembre de 2023 Ayuntamiento de Mog\u00e1n Anuncio 4.490. Aprobaci\u00f3n definitiva de forma total la modificaci\u00f3n menor de las normas subsidiarias, Pol\u00edgono 18 S.A.U., Loma de Pino Seco de Arguinegu\u00edn y correspondiente Evaluaci\u00f3n Ambiental Estrat\u00e9gica Simplificada Noticias relacionadas: 14\/08\/20 Inicio de evaluaci\u00f3n ambiental estrat\u00e9gica de modificaci\u00f3n menor de las NNSS de Mog\u00e1n. Loma de Pino Seco, Pol. [&hellip;]<\/p>\n","protected":false},"author":1,"featured_media":0,"comment_status":"closed","ping_status":"closed","sticky":false,"template":"","format":"standard","meta":{"footnotes":""},"categories":[3],"tags":[4,89],"class_list":["post-3752","post","type-post","status-publish","format-standard","hentry","category-planeamiento-urbanistico","tag-gran-canaria","tag-mogan"],"_links":{"self":[{"href":"https:\/\/acadur.es\/noticias\/wp-json\/wp\/v2\/posts\/3752","targetHints":{"allow":["GET"]}}],"collection":[{"href":"https:\/\/acadur.es\/noticias\/wp-json\/wp\/v2\/posts"}],"about":[{"href":"https:\/\/acadur.es\/noticias\/wp-json\/wp\/v2\/types\/post"}],"author":[{"embeddable":true,"href":"https:\/\/acadur.es\/noticias\/wp-json\/wp\/v2\/users\/1"}],"replies":[{"embeddable":true,"href":"https:\/\/acadur.es\/noticias\/wp-json\/wp\/v2\/comments?post=3752"}],"version-history":[{"count":1,"href":"https:\/\/acadur.es\/noticias\/wp-json\/wp\/v2\/posts\/3752\/revisions"}],"predecessor-version":[{"id":3753,"href":"https:\/\/acadur.es\/noticias\/wp-json\/wp\/v2\/posts\/3752\/revisions\/3753"}],"wp:attachment":[{"href":"https:\/\/acadur.es\/noticias\/wp-json\/wp\/v2\/media?parent=3752"}],"wp:term":[{"taxonomy":"category","embeddable":true,"href":"https:\/\/acadur.es\/noticias\/wp-json\/wp\/v2\/categories?post=3752"},{"taxonomy":"post_tag","embeddable":true,"href":"https:\/\/acadur.es\/noticias\/wp-json\/wp\/v2\/tags?post=3752"}],"curies":[{"name":"wp","href":"https:\/\/api.w.org\/{rel}","templated":true}]}}