{"id":4049,"date":"2024-02-28T11:15:48","date_gmt":"2024-02-28T11:15:48","guid":{"rendered":"https:\/\/acadur.es\/noticias\/?p=4049"},"modified":"2024-02-28T11:43:21","modified_gmt":"2024-02-28T11:43:21","slug":"240229_reglamento_costas","status":"publish","type":"post","link":"https:\/\/acadur.es\/noticias\/240229_reglamento_costas\/","title":{"rendered":"El Supremo declara nulo el Real Decreto 668\/2022 que modific\u00f3 el Reglamento General de Costas"},"content":{"rendered":"<p>Fuente: <a href=\"https:\/\/www.poderjudicial.es\/cgpj\/es\/Poder-Judicial\/Noticias-Judiciales\/El-Tribunal-Supremo-anula-el-Real-Decreto-que-reformo-en-2022-el-Reglamento-General-de-Costas-por-omision-del-tramite-de-consulta-publica\">poderjudicial.es<\/a><\/p>\n<p>La Sala de lo Contencioso-Administrativo del Tribunal Supremo ha declarado nulo el <a href=\"https:\/\/www.boe.es\/diario_boe\/txt.php?id=BOE-A-2022-12932\">Real Decreto 668\/2022<\/a> que modific\u00f3 el Reglamento General de Costas, por omisi\u00f3n del tr\u00e1mite de consulta p\u00fablica. El tribunal estima as\u00ed el recurso presentado por la Plataforma de Afectados por el Deslinde de Costa Formentera.<\/p>\n<p>El tribunal se\u00f1ala que para poder prescindir del tr\u00e1mite de consulta p\u00fablica en el supuesto de normas reglamentarias de la Administraci\u00f3n General del Estado \u201chan de concurrir las circunstancias acumuladas de que se trate de normas presupuestarias u organizativas y, adem\u00e1s de esas espec\u00edficas normas reglamentarias, que concurran razones graves de inter\u00e9s p\u00fablico que lo justifiquen, no impongan obligaciones relevantes a los destinatarios o regulen aspectos esenciales de una materia\u201d.<\/p>\n<p>Y en el caso del Real Decreto impugnado \u201cen modo alguno tiene naturaleza organizativa o presupuestaria y, adem\u00e1s y a los solos efectos del debate suscitado, en modo alguno cabr\u00eda infravalorar, como se razona en la MAIN (Memoria de An\u00e1lisis del Impacto Normativo), los efectos de la reforma, como ese mismo documento acredita al referirse a los \u00abobjetivos del proyecto\u00bb (apartado 1.2), y resulta de la misma reforma que se introduce en el Reglamento de la Ley de Costas\u201d.<\/p>\n<p>La sentencia cuenta con el voto particular de dos de los cinco magistrados que la han dictado, partidarios de desestimar la petici\u00f3n de nulidad del Real Decreto por omisi\u00f3n del tr\u00e1mite de consulta p\u00fablica. En todo caso, consideran adem\u00e1s que esa nulidad absoluta del reglamento es una consecuencia desproporcionada cuando hubo una amplia participaci\u00f3n ciudadana y de organizaciones representativas de los intereses afectados que realizaron alegaciones, aunque fuese en un momento posterior a la elaboraci\u00f3n del proyecto.<\/p>\n","protected":false},"excerpt":{"rendered":"<p>Fuente: poderjudicial.es La Sala de lo Contencioso-Administrativo del Tribunal Supremo ha declarado nulo el Real Decreto 668\/2022 que modific\u00f3 el Reglamento General de Costas, por omisi\u00f3n del tr\u00e1mite de consulta p\u00fablica. El tribunal estima as\u00ed el recurso presentado por la Plataforma de Afectados por el Deslinde de Costa Formentera. El tribunal se\u00f1ala que para poder prescindir del tr\u00e1mite de consulta [&hellip;]<\/p>\n","protected":false},"author":1,"featured_media":0,"comment_status":"closed","ping_status":"closed","sticky":false,"template":"","format":"standard","meta":{"footnotes":""},"categories":[23],"tags":[22],"class_list":["post-4049","post","type-post","status-publish","format-standard","hentry","category-jurisprudencia","tag-ley-de-costas"],"_links":{"self":[{"href":"https:\/\/acadur.es\/noticias\/wp-json\/wp\/v2\/posts\/4049","targetHints":{"allow":["GET"]}}],"collection":[{"href":"https:\/\/acadur.es\/noticias\/wp-json\/wp\/v2\/posts"}],"about":[{"href":"https:\/\/acadur.es\/noticias\/wp-json\/wp\/v2\/types\/post"}],"author":[{"embeddable":true,"href":"https:\/\/acadur.es\/noticias\/wp-json\/wp\/v2\/users\/1"}],"replies":[{"embeddable":true,"href":"https:\/\/acadur.es\/noticias\/wp-json\/wp\/v2\/comments?post=4049"}],"version-history":[{"count":2,"href":"https:\/\/acadur.es\/noticias\/wp-json\/wp\/v2\/posts\/4049\/revisions"}],"predecessor-version":[{"id":4057,"href":"https:\/\/acadur.es\/noticias\/wp-json\/wp\/v2\/posts\/4049\/revisions\/4057"}],"wp:attachment":[{"href":"https:\/\/acadur.es\/noticias\/wp-json\/wp\/v2\/media?parent=4049"}],"wp:term":[{"taxonomy":"category","embeddable":true,"href":"https:\/\/acadur.es\/noticias\/wp-json\/wp\/v2\/categories?post=4049"},{"taxonomy":"post_tag","embeddable":true,"href":"https:\/\/acadur.es\/noticias\/wp-json\/wp\/v2\/tags?post=4049"}],"curies":[{"name":"wp","href":"https:\/\/api.w.org\/{rel}","templated":true}]}}